{"id":8946,"date":"2019-05-31T08:05:00","date_gmt":"2019-05-31T06:05:00","guid":{"rendered":"https:\/\/www.euroakademie.de\/magazin\/?p=8946"},"modified":"2019-05-31T08:05:00","modified_gmt":"2019-05-31T06:05:00","slug":"denken-im-internet","status":"publish","type":"post","link":"https:\/\/www.euroakademie.de\/magazin\/denken-im-internet\/","title":{"rendered":"Hat das Internet unser Denken ver\u00e4ndert?"},"content":{"rendered":"\n\t\t\t\t<![CDATA[\n<p><strong>Die Einleitung muss krachen. Denn wenn ich Sie langweile, haben Sie diesen Artikel ganz schnell weggeklickt. \u00dcberflutet von Informationen m\u00fcssen wir direkt entscheiden, was relevant ist. Das wirkt sich nat\u00fcrlich auf unser Denken aus, schlie\u00dflich muss das Gehirn viel mehr verarbeiten und filtern als noch vor 30 Jahren. Deshalb ist es eigentlich Unsinn zu fragen, ob das Internet unser Denken ver\u00e4ndert hat. Die Frage ist viel mehr: Wie hat das Internet unser Denken ver\u00e4ndert?<\/strong><br \/><\/p>\n\n\n\n<h2 class=\"wp-block-heading\"><strong>Wir sind Goldfische<\/strong><br \/><\/h2>\n\n\n\n<p>Laut einer <a href=\"https:\/\/www.heise.de\/tp\/features\/Goldfische-haben-bereits-eine-laengere-Aufmerksamkeitsspanne-als-Menschen-3232224.html\" target=\"_blank\" rel=\"noreferrer noopener\" aria-label=\" (\u00f6ffnet in neuem Tab)\">Studie<\/a> von Microsoft aus dem Jahr 2015 betr\u00e4gt unsere Aufmerksamkeitsspanne heute nur noch acht Sekunden. Damit wurden wir vom Goldfisch \u00fcberholt \u2013 der kann sich zumindest neun Sekunden lang auf eine Sache konzentrieren. St\u00e4ndig werden wir abgelenkt von WhatsApps, Mails und Likes, immer erreichbar, doch immer nur mit halbem Herzen dabei. Aber stimmt das wirklich? Ja, wenn ich einen Text lese, \u00fcberfliege ich ihn und entscheide dann, ob es sich lohnt, tiefer einzusteigen. Auch Sie werden in diesem Artikel erst die \u00dcberschriften checken und vielleicht gar nicht bis ans Ende dieses Absatzes lesen, wenn nicht gleich etwas Spannendes kommt. Hier ist etwas: Wir k\u00f6nnen Informationen effizienter aufnehmen und Relevantes besser herausfiltern als unsere analogen Vorfahren. <\/p>\n\n\n\n<p>Eine vierseitige Abhandlung \u00fcber das Paarungsverhalten von Mehlw\u00fcrmern w\u00fcrde meine Aufmerksamkeitsspanne wahrscheinlich \u00fcbersteigen. Ein neuer Insta-Post von Heidi Klum und ich bin weg. Ich kann aber schnell die wichtigsten Punkte herausfiltern und nebenbei noch die Story von Heidi anschauen \u2013 Effizienz und Multitasking vom Feinsten! Unser Denken hat sich also ver\u00e4ndert: Wir nehmen Informationen heute anders auf. Ob das nun besser oder schlechter ist, ist erstmal Ansichtssache.<\/p>\n\n\n\n<figure class=\"wp-block-image\"><img fetchpriority=\"high\" decoding=\"async\" width=\"1000\" height=\"667\" src=\"https:\/\/relaunch.euroakademie.de\/magazin\/wp-content\/uploads\/2019\/05\/goldfisch.jpg\" alt=\"\" class=\"wp-image-8953\" srcset=\"https:\/\/www.euroakademie.de\/magazin\/wp-content\/uploads\/2019\/05\/goldfisch.jpg 1000w, https:\/\/www.euroakademie.de\/magazin\/wp-content\/uploads\/2019\/05\/goldfisch-300x200.jpg 300w, https:\/\/www.euroakademie.de\/magazin\/wp-content\/uploads\/2019\/05\/goldfisch-768x512.jpg 768w, https:\/\/www.euroakademie.de\/magazin\/wp-content\/uploads\/2019\/05\/goldfisch-150x100.jpg 150w, https:\/\/www.euroakademie.de\/magazin\/wp-content\/uploads\/2019\/05\/goldfisch-450x300.jpg 450w\" sizes=\"(max-width: 1000px) 100vw, 1000px\" \/><figcaption>Dieser Goldfisch kann sich l\u00e4nger konzentrieren als Sie<\/figcaption><\/figure>\n\n\n\n<h2 class=\"wp-block-heading\"><strong>Die Filterblase<\/strong><\/h2>\n\n\n\n<p>Wir klicken gerne auf Dinge, die uns interessieren und die\nunsere Meinung widerspiegeln. Das ist ja nicht verwerflich, auch in einer gedruckten\nZeitung liest man doch zuerst die Nachrichten, die man spannend findet. Das\nProblem ist aber, dass Google, Facebook und Co. den Inhalt speziell auf die\nNutzer zuschneiden. Wer oft Artikel anklickt, die behaupten, dass der\nKlimawandel nicht existiert, wird noch mehr Beitr\u00e4ge und Videos zu dem Thema\nvorgeschlagen bekommen. Die Freunde in den sozialen Netzwerken haben\nwahrscheinlich eine \u00e4hnliche Einstellung \u2013 und schon befindet man sich in der\nFilterblase. Man bekommt nur noch seine eigene Meinung angezeigt, wird nicht\nmehr herausgefordert und muss nicht mehr diskutieren. Praktisch! Ob wir uns\nwirklich alle in Blasen bewegen, ist allerdings umstritten. Man kann das ja\nganz leicht selbst \u00fcberpr\u00fcfen: Sie m\u00fcssen nur einen kontroversen Artikel\nanklicken und in die Kommentarspalte schauen. Hier finden sich sicher auch ein\npaar User, die anderer Meinung sind als Sie. Trotzdem ist es nat\u00fcrlich so, dass\nwir durch Algorithmen viele Inhalte gar nicht erst angezeigt bekommen. Darunter\nsind vielleicht auch Inhalte, die uns zum Denken anregen w\u00fcrden. <\/p>\n\n\n\n<h2 class=\"wp-block-heading\">Das Ged\u00e4chtnis wird ausgelagert<\/h2>\n\n\n\n<p>Wir haben ja Zugriff auf fast alle Informationen der Welt. Ein kleines Smartphone wei\u00df, was die Hauptstadt von Malaysia ist, wie man die Nullstellen von quadratischen Funktionen berechnet und warum der Himmel blau ist \u2013 und wir schauen damit Katzenvideos und posten Fotos von unserem Essen. Das Internet fungiert als kollektives Ged\u00e4chtnis f\u00fcr die ganze Menschheit. Ist es gut, dass wir uns Informationen nicht mehr selbst merken m\u00fcssen? Oder k\u00f6nnen wir irgendwann gar nicht mehr denken, weil unser Ged\u00e4chtnis verk\u00fcmmert? Schon Einstein hat gesagt: \u201eWissen hei\u00dft wissen, wo es geschrieben steht.\u201c Und auch die Menschen vor uns haben sich ja nicht alles selbst gemerkt. Ob durch B\u00fccher, Zeichnungen oder rituelle T\u00e4nze \u2013 die Menschheit hat immer danach gestrebt, Informationen kollektiv zu speichern. Jetzt haben wir endlich eine globale Methode gefunden. Viel wichtiger aber w\u00e4re es, die neuen M\u00f6glichkeiten auch zu nutzen, zum Beispiel in der <a rel=\"noreferrer noopener\" href=\"https:\/\/www.euroakademie.de\/magazin\/online-schule-homeoffice-fuer-schueler\/\" target=\"_blank\">Bildung<\/a> und in der Arbeitswelt. <\/p>\n\n\n\n<h2 class=\"wp-block-heading\">Das Denken ist im st\u00e4ndigen Wandel<\/h2>\n\n\n\n<p>Das Surfen im Internet ver\u00e4ndert tats\u00e4chlich unser Gehirn: Neuroplastizit\u00e4t\nlautet das Stichwort. Das bedeutet, dass unser Gehirn unser Leben lang formbar\nist und neue Verkn\u00fcpfungen bildet. Das Gehirn eines Blinden ist anders\nverkn\u00fcpft als das eines Sehenden \u2013 genau wie bei einem Internetnutzer und einem\nMenschen, der sich nur analog bewegt. Aber das Internet ist nicht die erste\nNeuerung, die die Menschheit dauerhaft pr\u00e4gt und damit auf Widerstand st\u00f6\u00dft.\nSchon beim Siegeszug der Schrift regte sich im antiken Griechenland harsche\nKritik: Schlie\u00dflich mussten die klassischen Dramen nun nicht mehr auswendig gelernt\nwerden. Anstatt sein Ged\u00e4chtnis zu bem\u00fchen, konnte man die Informationen\neinfach in der Bibliothek bekommen \u2013 Google der Antike also. Das zeigt uns doch,\ndass der Mensch sich den verschiedensten Umst\u00e4nden anpassen kann. Unser Gehirn\nist keine starre Rechenmaschine, sondern im st\u00e4ndigen Wandel. Das Denken hat\nsich schon immer ver\u00e4ndert und wird sich auch weiterhin ver\u00e4ndern. <\/p>\n\n\n\n<p>Wie sehr sich die <a href=\"https:\/\/www.euroakademie.de\/magazin\/glueck-und-neue-medien\/\" target=\"_blank\" rel=\"noreferrer noopener\" aria-label=\" (\u00f6ffnet in neuem Tab)\">Digitalisierung<\/a> auf den Menschen auswirkt, wird man nat\u00fcrlich erst in Zukunft sagen k\u00f6nnen. Wir stecken ja noch mittendrin in einer Entwicklung, die uns vielleicht flexibler und effizienter macht \u00ad\u2013 oder uns alle verdummen l\u00e4sst. Genie\u00dfen wir die Reise und schauen, was passiert![su_spacer]<\/p>\n]]>\t\t","protected":false},"excerpt":{"rendered":"<p>\t\t\t\t<![CDATA[Wir sind immer online, immer erreichbar und haben Zugang zu allen Informationen der Welt. Das Gehirn passt sich an: Das Internet hat das Denken ver\u00e4ndert.  ]]>\t\t<\/p>\n","protected":false},"author":76,"featured_media":8952,"comment_status":"closed","ping_status":"closed","sticky":false,"template":"","format":"standard","meta":{"footnotes":""},"categories":[118],"tags":[1981,3403,4144,4240,4909,8677],"class_list":{"0":"post-8946","1":"post","2":"type-post","3":"status-publish","4":"format-standard","5":"has-post-thumbnail","7":"category-im-fokus","8":"tag-denken","9":"tag-gehirn","10":"tag-informationsverarbeitung","11":"tag-internet","12":"tag-kritisches-denken","13":"tag-veraenderung"},"yoast_head":"<!-- This site is optimized with the Yoast SEO plugin v23.5 - https:\/\/yoast.com\/wordpress\/plugins\/seo\/ -->\n<title>Hat das Internet unser Denken ver\u00e4ndert? - Das Euro Akademie Magazin<\/title>\n<meta name=\"description\" content=\"Wir sind immer online, immer erreichbar und haben Zugang zu allen Informationen der Welt. Das Gehirn passt sich an: Das Internet hat das Denken ver\u00e4ndert.\" \/>\n<meta name=\"robots\" content=\"index, follow, max-snippet:-1, max-image-preview:large, max-video-preview:-1\" \/>\n<link rel=\"canonical\" href=\"https:\/\/www.euroakademie.de\/magazin\/denken-im-internet\/\" \/>\n<meta property=\"og:locale\" content=\"de_DE\" \/>\n<meta property=\"og:type\" content=\"article\" \/>\n<meta property=\"og:title\" content=\"Hat das Internet unser Denken ver\u00e4ndert? - Das Euro Akademie Magazin\" \/>\n<meta property=\"og:description\" content=\"Wir sind immer online, immer erreichbar und haben Zugang zu allen Informationen der Welt. Das Gehirn passt sich an: Das Internet hat das Denken ver\u00e4ndert.\" \/>\n<meta property=\"og:url\" content=\"https:\/\/www.euroakademie.de\/magazin\/denken-im-internet\/\" \/>\n<meta property=\"og:site_name\" content=\"Das Euro Akademie Magazin\" \/>\n<meta property=\"article:published_time\" content=\"2019-05-31T06:05:00+00:00\" \/>\n<meta property=\"og:image\" content=\"https:\/\/www.euroakademie.de\/magazin\/wp-content\/uploads\/2019\/05\/denken-web1.png\" \/>\n\t<meta property=\"og:image:width\" content=\"702\" \/>\n\t<meta property=\"og:image:height\" content=\"336\" \/>\n\t<meta property=\"og:image:type\" content=\"image\/png\" \/>\n<meta name=\"author\" content=\"Anna R\u00fcppel\" \/>\n<meta name=\"twitter:card\" content=\"summary_large_image\" \/>\n<meta name=\"twitter:label1\" content=\"Verfasst von\" \/>\n\t<meta name=\"twitter:data1\" content=\"Anna R\u00fcppel\" \/>\n\t<meta name=\"twitter:label2\" content=\"Gesch\u00e4tzte Lesezeit\" \/>\n\t<meta name=\"twitter:data2\" content=\"4\u00a0Minuten\" \/>\n<script type=\"application\/ld+json\" class=\"yoast-schema-graph\">{\"@context\":\"https:\/\/schema.org\",\"@graph\":[{\"@type\":\"Article\",\"@id\":\"https:\/\/www.euroakademie.de\/magazin\/denken-im-internet\/#article\",\"isPartOf\":{\"@id\":\"https:\/\/www.euroakademie.de\/magazin\/denken-im-internet\/\"},\"author\":{\"name\":\"Anna R\u00fcppel\",\"@id\":\"https:\/\/www.euroakademie.de\/magazin\/#\/schema\/person\/60fedb6ea7279f88d9086938e970d05e\"},\"headline\":\"Hat das Internet unser Denken ver\u00e4ndert?\",\"datePublished\":\"2019-05-31T06:05:00+00:00\",\"dateModified\":\"2019-05-31T06:05:00+00:00\",\"mainEntityOfPage\":{\"@id\":\"https:\/\/www.euroakademie.de\/magazin\/denken-im-internet\/\"},\"wordCount\":852,\"publisher\":{\"@id\":\"https:\/\/www.euroakademie.de\/magazin\/#organization\"},\"image\":{\"@id\":\"https:\/\/www.euroakademie.de\/magazin\/denken-im-internet\/#primaryimage\"},\"thumbnailUrl\":\"https:\/\/www.euroakademie.de\/magazin\/wp-content\/uploads\/2019\/05\/denken-web1.png\",\"keywords\":[\"denken\",\"Gehirn\",\"Informationsverarbeitung\",\"Internet\",\"kritisches Denken\",\"Ver\u00e4nderung\"],\"articleSection\":[\"Im Fokus\"],\"inLanguage\":\"de\"},{\"@type\":\"WebPage\",\"@id\":\"https:\/\/www.euroakademie.de\/magazin\/denken-im-internet\/\",\"url\":\"https:\/\/www.euroakademie.de\/magazin\/denken-im-internet\/\",\"name\":\"Hat das Internet unser Denken ver\u00e4ndert? - Das Euro Akademie Magazin\",\"isPartOf\":{\"@id\":\"https:\/\/www.euroakademie.de\/magazin\/#website\"},\"primaryImageOfPage\":{\"@id\":\"https:\/\/www.euroakademie.de\/magazin\/denken-im-internet\/#primaryimage\"},\"image\":{\"@id\":\"https:\/\/www.euroakademie.de\/magazin\/denken-im-internet\/#primaryimage\"},\"thumbnailUrl\":\"https:\/\/www.euroakademie.de\/magazin\/wp-content\/uploads\/2019\/05\/denken-web1.png\",\"datePublished\":\"2019-05-31T06:05:00+00:00\",\"dateModified\":\"2019-05-31T06:05:00+00:00\",\"description\":\"Wir sind immer online, immer erreichbar und haben Zugang zu allen Informationen der Welt. Das Gehirn passt sich an: Das Internet hat das Denken ver\u00e4ndert.\",\"breadcrumb\":{\"@id\":\"https:\/\/www.euroakademie.de\/magazin\/denken-im-internet\/#breadcrumb\"},\"inLanguage\":\"de\",\"potentialAction\":[{\"@type\":\"ReadAction\",\"target\":[\"https:\/\/www.euroakademie.de\/magazin\/denken-im-internet\/\"]}]},{\"@type\":\"ImageObject\",\"inLanguage\":\"de\",\"@id\":\"https:\/\/www.euroakademie.de\/magazin\/denken-im-internet\/#primaryimage\",\"url\":\"https:\/\/www.euroakademie.de\/magazin\/wp-content\/uploads\/2019\/05\/denken-web1.png\",\"contentUrl\":\"https:\/\/www.euroakademie.de\/magazin\/wp-content\/uploads\/2019\/05\/denken-web1.png\",\"width\":702,\"height\":336,\"caption\":\"\"},{\"@type\":\"BreadcrumbList\",\"@id\":\"https:\/\/www.euroakademie.de\/magazin\/denken-im-internet\/#breadcrumb\",\"itemListElement\":[{\"@type\":\"ListItem\",\"position\":1,\"name\":\"Startseite\",\"item\":\"https:\/\/www.euroakademie.de\/magazin\/\"},{\"@type\":\"ListItem\",\"position\":2,\"name\":\"Hat das Internet unser Denken ver\u00e4ndert?\"}]},{\"@type\":\"WebSite\",\"@id\":\"https:\/\/www.euroakademie.de\/magazin\/#website\",\"url\":\"https:\/\/www.euroakademie.de\/magazin\/\",\"name\":\"Das Euro Akademie Magazin\",\"description\":\"Gut informiert durch Ausbildung und Studium\",\"publisher\":{\"@id\":\"https:\/\/www.euroakademie.de\/magazin\/#organization\"},\"potentialAction\":[{\"@type\":\"SearchAction\",\"target\":{\"@type\":\"EntryPoint\",\"urlTemplate\":\"https:\/\/www.euroakademie.de\/magazin\/?s={search_term_string}\"},\"query-input\":{\"@type\":\"PropertyValueSpecification\",\"valueRequired\":true,\"valueName\":\"search_term_string\"}}],\"inLanguage\":\"de\"},{\"@type\":\"Organization\",\"@id\":\"https:\/\/www.euroakademie.de\/magazin\/#organization\",\"name\":\"ESO Education Group\",\"url\":\"https:\/\/www.euroakademie.de\/magazin\/\",\"logo\":{\"@type\":\"ImageObject\",\"inLanguage\":\"de\",\"@id\":\"https:\/\/www.euroakademie.de\/magazin\/#\/schema\/logo\/image\/\",\"url\":\"https:\/\/relaunch.euroakademie.de\/magazin\/wp-content\/uploads\/2024\/11\/Logo_EA_negativ_Rahmen_5cm_300dpi_RGB.jpg\",\"contentUrl\":\"https:\/\/relaunch.euroakademie.de\/magazin\/wp-content\/uploads\/2024\/11\/Logo_EA_negativ_Rahmen_5cm_300dpi_RGB.jpg\",\"width\":591,\"height\":236,\"caption\":\"ESO Education Group\"},\"image\":{\"@id\":\"https:\/\/www.euroakademie.de\/magazin\/#\/schema\/logo\/image\/\"}},{\"@type\":\"Person\",\"@id\":\"https:\/\/www.euroakademie.de\/magazin\/#\/schema\/person\/60fedb6ea7279f88d9086938e970d05e\",\"name\":\"Anna R\u00fcppel\",\"description\":\"Anna R\u00fcppel ist mit 1,78 m die Gr\u00f6\u00dfte, wenn es um Ausbildung und Beruf geht. Als Kind war sie kleiner. Von April 2019 bis November 2022 schrieb sie kleinere und gr\u00f6\u00dfere Artikel f\u00fcr das Euro Akademie Magazin.\",\"url\":\"https:\/\/www.euroakademie.de\/magazin\/author\/rueppela\/\"}]}<\/script>\n<!-- \/ Yoast SEO plugin. -->","yoast_head_json":{"title":"Hat das Internet unser Denken ver\u00e4ndert? - Das Euro Akademie Magazin","description":"Wir sind immer online, immer erreichbar und haben Zugang zu allen Informationen der Welt. Das Gehirn passt sich an: Das Internet hat das Denken ver\u00e4ndert.","robots":{"index":"index","follow":"follow","max-snippet":"max-snippet:-1","max-image-preview":"max-image-preview:large","max-video-preview":"max-video-preview:-1"},"canonical":"https:\/\/www.euroakademie.de\/magazin\/denken-im-internet\/","og_locale":"de_DE","og_type":"article","og_title":"Hat das Internet unser Denken ver\u00e4ndert? - Das Euro Akademie Magazin","og_description":"Wir sind immer online, immer erreichbar und haben Zugang zu allen Informationen der Welt. Das Gehirn passt sich an: Das Internet hat das Denken ver\u00e4ndert.","og_url":"https:\/\/www.euroakademie.de\/magazin\/denken-im-internet\/","og_site_name":"Das Euro Akademie Magazin","article_published_time":"2019-05-31T06:05:00+00:00","og_image":[{"width":702,"height":336,"url":"https:\/\/www.euroakademie.de\/magazin\/wp-content\/uploads\/2019\/05\/denken-web1.png","type":"image\/png"}],"author":"Anna R\u00fcppel","twitter_card":"summary_large_image","twitter_misc":{"Verfasst von":"Anna R\u00fcppel","Gesch\u00e4tzte Lesezeit":"4\u00a0Minuten"},"schema":{"@context":"https:\/\/schema.org","@graph":[{"@type":"Article","@id":"https:\/\/www.euroakademie.de\/magazin\/denken-im-internet\/#article","isPartOf":{"@id":"https:\/\/www.euroakademie.de\/magazin\/denken-im-internet\/"},"author":{"name":"Anna R\u00fcppel","@id":"https:\/\/www.euroakademie.de\/magazin\/#\/schema\/person\/60fedb6ea7279f88d9086938e970d05e"},"headline":"Hat das Internet unser Denken ver\u00e4ndert?","datePublished":"2019-05-31T06:05:00+00:00","dateModified":"2019-05-31T06:05:00+00:00","mainEntityOfPage":{"@id":"https:\/\/www.euroakademie.de\/magazin\/denken-im-internet\/"},"wordCount":852,"publisher":{"@id":"https:\/\/www.euroakademie.de\/magazin\/#organization"},"image":{"@id":"https:\/\/www.euroakademie.de\/magazin\/denken-im-internet\/#primaryimage"},"thumbnailUrl":"https:\/\/www.euroakademie.de\/magazin\/wp-content\/uploads\/2019\/05\/denken-web1.png","keywords":["denken","Gehirn","Informationsverarbeitung","Internet","kritisches Denken","Ver\u00e4nderung"],"articleSection":["Im Fokus"],"inLanguage":"de"},{"@type":"WebPage","@id":"https:\/\/www.euroakademie.de\/magazin\/denken-im-internet\/","url":"https:\/\/www.euroakademie.de\/magazin\/denken-im-internet\/","name":"Hat das Internet unser Denken ver\u00e4ndert? - Das Euro Akademie Magazin","isPartOf":{"@id":"https:\/\/www.euroakademie.de\/magazin\/#website"},"primaryImageOfPage":{"@id":"https:\/\/www.euroakademie.de\/magazin\/denken-im-internet\/#primaryimage"},"image":{"@id":"https:\/\/www.euroakademie.de\/magazin\/denken-im-internet\/#primaryimage"},"thumbnailUrl":"https:\/\/www.euroakademie.de\/magazin\/wp-content\/uploads\/2019\/05\/denken-web1.png","datePublished":"2019-05-31T06:05:00+00:00","dateModified":"2019-05-31T06:05:00+00:00","description":"Wir sind immer online, immer erreichbar und haben Zugang zu allen Informationen der Welt. Das Gehirn passt sich an: Das Internet hat das Denken ver\u00e4ndert.","breadcrumb":{"@id":"https:\/\/www.euroakademie.de\/magazin\/denken-im-internet\/#breadcrumb"},"inLanguage":"de","potentialAction":[{"@type":"ReadAction","target":["https:\/\/www.euroakademie.de\/magazin\/denken-im-internet\/"]}]},{"@type":"ImageObject","inLanguage":"de","@id":"https:\/\/www.euroakademie.de\/magazin\/denken-im-internet\/#primaryimage","url":"https:\/\/www.euroakademie.de\/magazin\/wp-content\/uploads\/2019\/05\/denken-web1.png","contentUrl":"https:\/\/www.euroakademie.de\/magazin\/wp-content\/uploads\/2019\/05\/denken-web1.png","width":702,"height":336,"caption":""},{"@type":"BreadcrumbList","@id":"https:\/\/www.euroakademie.de\/magazin\/denken-im-internet\/#breadcrumb","itemListElement":[{"@type":"ListItem","position":1,"name":"Startseite","item":"https:\/\/www.euroakademie.de\/magazin\/"},{"@type":"ListItem","position":2,"name":"Hat das Internet unser Denken ver\u00e4ndert?"}]},{"@type":"WebSite","@id":"https:\/\/www.euroakademie.de\/magazin\/#website","url":"https:\/\/www.euroakademie.de\/magazin\/","name":"Das Euro Akademie Magazin","description":"Gut informiert durch Ausbildung und Studium","publisher":{"@id":"https:\/\/www.euroakademie.de\/magazin\/#organization"},"potentialAction":[{"@type":"SearchAction","target":{"@type":"EntryPoint","urlTemplate":"https:\/\/www.euroakademie.de\/magazin\/?s={search_term_string}"},"query-input":{"@type":"PropertyValueSpecification","valueRequired":true,"valueName":"search_term_string"}}],"inLanguage":"de"},{"@type":"Organization","@id":"https:\/\/www.euroakademie.de\/magazin\/#organization","name":"ESO Education Group","url":"https:\/\/www.euroakademie.de\/magazin\/","logo":{"@type":"ImageObject","inLanguage":"de","@id":"https:\/\/www.euroakademie.de\/magazin\/#\/schema\/logo\/image\/","url":"https:\/\/relaunch.euroakademie.de\/magazin\/wp-content\/uploads\/2024\/11\/Logo_EA_negativ_Rahmen_5cm_300dpi_RGB.jpg","contentUrl":"https:\/\/relaunch.euroakademie.de\/magazin\/wp-content\/uploads\/2024\/11\/Logo_EA_negativ_Rahmen_5cm_300dpi_RGB.jpg","width":591,"height":236,"caption":"ESO Education Group"},"image":{"@id":"https:\/\/www.euroakademie.de\/magazin\/#\/schema\/logo\/image\/"}},{"@type":"Person","@id":"https:\/\/www.euroakademie.de\/magazin\/#\/schema\/person\/60fedb6ea7279f88d9086938e970d05e","name":"Anna R\u00fcppel","description":"Anna R\u00fcppel ist mit 1,78 m die Gr\u00f6\u00dfte, wenn es um Ausbildung und Beruf geht. Als Kind war sie kleiner. Von April 2019 bis November 2022 schrieb sie kleinere und gr\u00f6\u00dfere Artikel f\u00fcr das Euro Akademie Magazin.","url":"https:\/\/www.euroakademie.de\/magazin\/author\/rueppela\/"}]}},"_links":{"self":[{"href":"https:\/\/www.euroakademie.de\/magazin\/wp-json\/wp\/v2\/posts\/8946","targetHints":{"allow":["GET"]}}],"collection":[{"href":"https:\/\/www.euroakademie.de\/magazin\/wp-json\/wp\/v2\/posts"}],"about":[{"href":"https:\/\/www.euroakademie.de\/magazin\/wp-json\/wp\/v2\/types\/post"}],"author":[{"embeddable":true,"href":"https:\/\/www.euroakademie.de\/magazin\/wp-json\/wp\/v2\/users\/76"}],"replies":[{"embeddable":true,"href":"https:\/\/www.euroakademie.de\/magazin\/wp-json\/wp\/v2\/comments?post=8946"}],"version-history":[{"count":0,"href":"https:\/\/www.euroakademie.de\/magazin\/wp-json\/wp\/v2\/posts\/8946\/revisions"}],"wp:featuredmedia":[{"embeddable":true,"href":"https:\/\/www.euroakademie.de\/magazin\/wp-json\/wp\/v2\/media\/8952"}],"wp:attachment":[{"href":"https:\/\/www.euroakademie.de\/magazin\/wp-json\/wp\/v2\/media?parent=8946"}],"wp:term":[{"taxonomy":"category","embeddable":true,"href":"https:\/\/www.euroakademie.de\/magazin\/wp-json\/wp\/v2\/categories?post=8946"},{"taxonomy":"post_tag","embeddable":true,"href":"https:\/\/www.euroakademie.de\/magazin\/wp-json\/wp\/v2\/tags?post=8946"}],"curies":[{"name":"wp","href":"https:\/\/api.w.org\/{rel}","templated":true}]}}