{"id":9055,"date":"2019-06-13T07:24:17","date_gmt":"2019-06-13T05:24:17","guid":{"rendered":"https:\/\/www.euroakademie.de\/magazin\/?p=9055"},"modified":"2025-03-20T13:47:56","modified_gmt":"2025-03-20T12:47:56","slug":"zeitarbeit","status":"publish","type":"post","link":"https:\/\/www.euroakademie.de\/magazin\/zeitarbeit\/","title":{"rendered":"Zeitarbeit: Das Gesch\u00e4ft mit den Leihkr\u00e4ften"},"content":{"rendered":"\n\t\t\t\t<![CDATA[\n<p><strong>Zeitarbeit k\u00f6nnte so sch\u00f6n sein. Die Unternehmen sind flexibler und finden schnell qualifizierte Mitarbeiter. Arbeitnehmer sammeln erste Berufserfahrung und bekommen dann eine Festanstellung in einem Unternehmen, das zu ihnen passt. Es gibt viele <a rel=\"noreferrer noopener\" aria-label=\"Vorteile (\u00f6ffnet in neuem Tab)\" href=\"https:\/\/www.euroakademie.de\/magazin\/zeitarbeit-vor-und-nachteile-fuer-arbeitnehmer\/\" target=\"_blank\">Vorteile<\/a> \u2013 und doch werden Zeitarbeiter oft ausgenutzt und schlecht behandelt. In der Dokumentation \u201eDie dunkle Seite der Zeitarbeit\u201c deckt ZDFzoom die Missst\u00e4nde der Branche auf. <\/strong><\/p>\n\n\n\n<p>\u00dcber eine Million Menschen in Deutschland sind Zeitarbeiter.\nDie meisten haben gute Arbeitsbedingungen. Aber es gibt auch schwarze Schafe: Firmen, die alles tun, um\nm\u00f6glichst viel Profit aus den Leiharbeitern zu schlagen. Da wird getrickst,\ngelogen und betrogen \u2013 auf Kosten der Arbeitnehmer.<\/p>\n\n\n\n<h2 class=\"wp-block-heading\"><strong>Jeder darf eine Zeitarbeitsfirma gr\u00fcnden<\/strong><\/h2>\n\n\n\n<p>\u201eWenn Sie mich nach meiner ganz pers\u00f6nlichen Meinung fragen,\ndann w\u00fcrde ich mir w\u00fcnschen, dass die Eingangsh\u00fcrde, um \u00fcberhaupt erstmal ein\nUnternehmen in der Zeitarbeitsbranche gr\u00fcnden zu k\u00f6nnen, hochgesetzt wird\u201c, meint\nManuela Schwarz, die im Bundesvorstand des Verbandes der Zeitarbeitsfirmen\nsitzt, in der ZDF-Doku. Man muss daf\u00fcr n\u00e4mlich keine Fachkenntnisse nachweisen\n\u2013 in Deutschland darf jeder einen Verleihbetrieb gr\u00fcnden. Durch die geringen\nAuflagen kann das System nat\u00fcrlich leicht missbraucht werden. <\/p>\n\n\n\n<h2 class=\"wp-block-heading\"><strong>Gespart wird am\nArbeitsschutz und am Lohn<\/strong><\/h2>\n\n\n\n<p>42 Prozent der Zeitarbeiter sind in der Produktion t\u00e4tig. Gerade\nhier ist der Ausl\u00e4nderanteil sehr hoch. Manche Unternehmen nutzen das aus:\nAusl\u00e4ndische Mitarbeiter kennen nicht alle Rechte oder verstehen die Dokumente\nnicht, die sie unterschreiben. So werde in seinem Betrieb keine Schutzkleidung\ngestellt, obwohl die Arbeitnehmer daf\u00fcr unterschreiben, kritisiert ein Insider.\nEin anderer Zeitarbeiter berichtet von seiner Arbeit in einer Schwei\u00dferei. Zehn\nEuro weniger als seine festangestellten Kollegen bekomme er \u2013 entgegen des\nTarifvertrags. Als er seinen Chef darauf ansprach, sei die Antwort ern\u00fcchternd\ngewesen: \u201eWenn es Ihnen nicht passt, dann k\u00f6nnen Sie gehen.\u201c <\/p>\n\n\n\n<h2 class=\"wp-block-heading\"><strong>Neue Regelungen\nst\u00e4rken die Arbeitnehmerrechte<\/strong><\/h2>\n\n\n\n<p>Dabei wurden die Gesetze f\u00fcr Zeitarbeiter in den letzten\nJahren verbessert. 2018 trat eine \u00c4nderung im Arbeitnehmer\u00fcberlassungsgesetz in\nKraft. Nach 18 Monaten im Unternehmen m\u00fcssen die Arbeiter \u00fcbernommen werden.\nEin faires Gehalt gibt es schon vorher: nach neun Monaten muss das Lohnniveau\ndem eines Festangestellten entsprechen. Gesetze bewirken aber nur etwas, wenn\njemand darauf achtet, dass sie eingehalten werden. Nur wenige Leiharbeiter\ngehen vor Gericht \u2013 zu gro\u00df ist der Druck, die Familie zu ern\u00e4hren und den Job\nnicht zu verlieren. Au\u00dferdem versuchen einige Firmen mit allen Mitteln, die\n\u201eEqual Pay\u201c-Regel zu umgehen: kurz vor Ablauf der neun Monate wird der\nLeiharbeiter einfach einem anderen Kunden zugewiesen und die Frist beginnt von\nneuem. <\/p>\n\n\n\n<h2 class=\"wp-block-heading\"><strong>Jeder zehnte Betrieb f\u00e4llt negativ auf <\/strong><\/h2>\n\n\n\n<p>Professor Klaus D\u00f6rre forscht an der Universit\u00e4t Jena \u00fcber\ndie Missst\u00e4nde in der Zeitarbeit. Bei Untersuchungen w\u00fcrde jedes zehnte\nUnternehmen negativ auffallen: \u201eEs geht bis dahin, dass der Lohn nicht gezahlt\nwird, dass Arbeitsschutzregelungen nicht eingehalten werden, dass\nAkkordbestimmungen nicht eingehalten werden, und das geht auf Kosten der\nGesundheit.&#8220; Auch wenn ein Mitarbeiter krank wird, gebe es h\u00e4ufig\nProbleme. Manche Unternehmen gingen sogar so weit, die Krankentage einfach von\nden Urlaubstagen abzuziehen, um kein Krankengeld bezahlen zu m\u00fcssen. <\/p>\n\n\n\n<h2 class=\"wp-block-heading\"><strong>Die Kontrollen\nreichen oft nicht aus<\/strong><\/h2>\n\n\n\n<p>Eigentlich ist der Zoll daf\u00fcr verantwortlich, die Betriebe zu kontrollieren. Bei unangek\u00fcndigten Kontrollen \u00fcberpr\u00fcfen die Beamten die Papiere der Mitarbeiter, die Arbeitsbedingungen und ob der Mindestlohn bezahlt wird. Die Kontrolleure m\u00fcssen sich aber auf die Aussagen der Zeitarbeiter verlassen \u2013 wenn diese die Missst\u00e4nde nicht angeben, kann auch nichts unternommen werden. Die Bundesagentur f\u00fcr Arbeit dagegen kontrolliert die Zeitarbeitsfirmen, also die Verleiher. Hier wird allerdings nur gepr\u00fcft, ob alle Auflagen erf\u00fcllt wurden, nicht, ob die Zeitarbeiter fair behandelt werden. Au\u00dferdem gibt es zu wenige Pr\u00fcfer, um alle Verleihbetriebe regelm\u00e4\u00dfig zu kontrollieren. Das berichtet auch die S\u00fcddeutsche Zeitung im Artikel \u201e<a href=\"https:\/\/www.sueddeutsche.de\/wirtschaft\/leiharbeit-deutschland-kontrolle-1.4409368\" target=\"_blank\" rel=\"noreferrer noopener\" aria-label=\" (\u00f6ffnet in neuem Tab)\">Zu wenig Pr\u00fcfer f\u00fcr Kontrolle von Leiharbeits-Firmen<\/a>\u201c von Henrike Ro\u00dfbach. Rechnerisch sei ein Kontrolleur n\u00e4mlich f\u00fcr mehr als 600 Unternehmen zust\u00e4ndig. So m\u00fcsse ein Betrieb nur etwa alle zehn Jahre mit einem Besuch der Bundesagentur rechnen. <\/p>\n\n\n\n<p>Nat\u00fcrlich sind die Negativbeispiele nur Ausnahmen \u2013 die meisten Betriebe arbeiten sauber. Den Mitarbeitern, die strategisch ausgenutzt werden, hilft das allerdings wenig. Sch\u00e4rfere Kontrollen, strengere Gesetze und mehr M\u00f6glichkeiten, gegen den Arbeitgeber rechtlich vorzugehen, w\u00e4ren ein guter Ansatz. Wer sich n\u00e4her f\u00fcr das Thema interessiert, bekommt in der Dokumentation \u201eDie dunkle Seite der Zeitarbeit\u201c einen interessanten Einblick in die Branche. [su_spacer]<\/p>\n]]>\t\t","protected":false},"excerpt":{"rendered":"<p>\t\t\t\t<![CDATA[\u00dcber eine Million Menschen in Deutschland sind Zeitarbeiter. Nicht immer unter fairen Bedingungen. Da wird getrickst, gelogen und betrogen \u2013 auf Kosten der Arbeitnehmer.]]>\t\t<\/p>\n","protected":false},"author":76,"featured_media":9059,"comment_status":"closed","ping_status":"closed","sticky":false,"template":"","format":"standard","meta":{"footnotes":""},"categories":[127,139],"tags":[586,625,2131,4765,9373,9385],"class_list":{"0":"post-9055","1":"post","2":"type-post","3":"status-publish","4":"format-standard","5":"has-post-thumbnail","7":"category-karriere","8":"category-lesetipps","9":"tag-arbeitsbedingungen","10":"tag-arbeitsplatz","11":"tag-dokumentation","12":"tag-kontrolle","13":"tag-zdf","14":"tag-zeitarbeit"},"yoast_head":"<!-- This site is optimized with the Yoast SEO plugin v23.5 - https:\/\/yoast.com\/wordpress\/plugins\/seo\/ -->\n<title>Zeitarbeit: Das Gesch\u00e4ft mit den Leihkr\u00e4ften -<\/title>\n<meta name=\"description\" content=\"\u00dcber eine Million Menschen in Deutschland sind in der Zeitarbeit t\u00e4tig. Nicht immer unter fairen Bedingungen. Eine ZDF-Doku deckt die Missst\u00e4nde auf.\" \/>\n<meta name=\"robots\" content=\"index, follow, max-snippet:-1, max-image-preview:large, max-video-preview:-1\" \/>\n<link rel=\"canonical\" href=\"https:\/\/www.euroakademie.de\/magazin\/zeitarbeit\/\" \/>\n<meta property=\"og:locale\" content=\"de_DE\" \/>\n<meta property=\"og:type\" content=\"article\" \/>\n<meta property=\"og:title\" content=\"Zeitarbeit: Das Gesch\u00e4ft mit den Leihkr\u00e4ften -\" \/>\n<meta property=\"og:description\" content=\"\u00dcber eine Million Menschen in Deutschland sind in der Zeitarbeit t\u00e4tig. Nicht immer unter fairen Bedingungen. Eine ZDF-Doku deckt die Missst\u00e4nde auf.\" \/>\n<meta property=\"og:url\" content=\"https:\/\/www.euroakademie.de\/magazin\/zeitarbeit\/\" \/>\n<meta property=\"og:site_name\" content=\"Das Euro Akademie Magazin\" \/>\n<meta property=\"article:published_time\" content=\"2019-06-13T05:24:17+00:00\" \/>\n<meta property=\"article:modified_time\" content=\"2025-03-20T12:47:56+00:00\" \/>\n<meta property=\"og:image\" content=\"https:\/\/www.euroakademie.de\/magazin\/wp-content\/uploads\/2019\/06\/titelbild1.jpg\" \/>\n\t<meta property=\"og:image:width\" content=\"702\" \/>\n\t<meta property=\"og:image:height\" content=\"337\" \/>\n\t<meta property=\"og:image:type\" content=\"image\/jpeg\" \/>\n<meta name=\"author\" content=\"Anna R\u00fcppel\" \/>\n<meta name=\"twitter:card\" content=\"summary_large_image\" \/>\n<meta name=\"twitter:label1\" content=\"Verfasst von\" \/>\n\t<meta name=\"twitter:data1\" content=\"Anna R\u00fcppel\" \/>\n\t<meta name=\"twitter:label2\" content=\"Gesch\u00e4tzte Lesezeit\" \/>\n\t<meta name=\"twitter:data2\" content=\"4\u00a0Minuten\" \/>\n<script type=\"application\/ld+json\" class=\"yoast-schema-graph\">{\"@context\":\"https:\/\/schema.org\",\"@graph\":[{\"@type\":\"Article\",\"@id\":\"https:\/\/www.euroakademie.de\/magazin\/zeitarbeit\/#article\",\"isPartOf\":{\"@id\":\"https:\/\/www.euroakademie.de\/magazin\/zeitarbeit\/\"},\"author\":{\"name\":\"Anna R\u00fcppel\",\"@id\":\"https:\/\/www.euroakademie.de\/magazin\/#\/schema\/person\/60fedb6ea7279f88d9086938e970d05e\"},\"headline\":\"Zeitarbeit: Das Gesch\u00e4ft mit den Leihkr\u00e4ften\",\"datePublished\":\"2019-06-13T05:24:17+00:00\",\"dateModified\":\"2025-03-20T12:47:56+00:00\",\"mainEntityOfPage\":{\"@id\":\"https:\/\/www.euroakademie.de\/magazin\/zeitarbeit\/\"},\"wordCount\":741,\"publisher\":{\"@id\":\"https:\/\/www.euroakademie.de\/magazin\/#organization\"},\"image\":{\"@id\":\"https:\/\/www.euroakademie.de\/magazin\/zeitarbeit\/#primaryimage\"},\"thumbnailUrl\":\"https:\/\/www.euroakademie.de\/magazin\/wp-content\/uploads\/2019\/06\/titelbild1.jpg\",\"keywords\":[\"Arbeitsbedingungen\",\"Arbeitsplatz\",\"Dokumentation\",\"Kontrolle\",\"ZDF\",\"Zeitarbeit\"],\"articleSection\":[\"Karriere\",\"Link- und Lesetipps\"],\"inLanguage\":\"de\"},{\"@type\":\"WebPage\",\"@id\":\"https:\/\/www.euroakademie.de\/magazin\/zeitarbeit\/\",\"url\":\"https:\/\/www.euroakademie.de\/magazin\/zeitarbeit\/\",\"name\":\"Zeitarbeit: Das Gesch\u00e4ft mit den Leihkr\u00e4ften -\",\"isPartOf\":{\"@id\":\"https:\/\/www.euroakademie.de\/magazin\/#website\"},\"primaryImageOfPage\":{\"@id\":\"https:\/\/www.euroakademie.de\/magazin\/zeitarbeit\/#primaryimage\"},\"image\":{\"@id\":\"https:\/\/www.euroakademie.de\/magazin\/zeitarbeit\/#primaryimage\"},\"thumbnailUrl\":\"https:\/\/www.euroakademie.de\/magazin\/wp-content\/uploads\/2019\/06\/titelbild1.jpg\",\"datePublished\":\"2019-06-13T05:24:17+00:00\",\"dateModified\":\"2025-03-20T12:47:56+00:00\",\"description\":\"\u00dcber eine Million Menschen in Deutschland sind in der Zeitarbeit t\u00e4tig. Nicht immer unter fairen Bedingungen. Eine ZDF-Doku deckt die Missst\u00e4nde auf.\",\"breadcrumb\":{\"@id\":\"https:\/\/www.euroakademie.de\/magazin\/zeitarbeit\/#breadcrumb\"},\"inLanguage\":\"de\",\"potentialAction\":[{\"@type\":\"ReadAction\",\"target\":[\"https:\/\/www.euroakademie.de\/magazin\/zeitarbeit\/\"]}]},{\"@type\":\"ImageObject\",\"inLanguage\":\"de\",\"@id\":\"https:\/\/www.euroakademie.de\/magazin\/zeitarbeit\/#primaryimage\",\"url\":\"https:\/\/www.euroakademie.de\/magazin\/wp-content\/uploads\/2019\/06\/titelbild1.jpg\",\"contentUrl\":\"https:\/\/www.euroakademie.de\/magazin\/wp-content\/uploads\/2019\/06\/titelbild1.jpg\",\"width\":702,\"height\":337,\"caption\":\"\"},{\"@type\":\"BreadcrumbList\",\"@id\":\"https:\/\/www.euroakademie.de\/magazin\/zeitarbeit\/#breadcrumb\",\"itemListElement\":[{\"@type\":\"ListItem\",\"position\":1,\"name\":\"Startseite\",\"item\":\"https:\/\/www.euroakademie.de\/magazin\/\"},{\"@type\":\"ListItem\",\"position\":2,\"name\":\"Zeitarbeit: Das Gesch\u00e4ft mit den Leihkr\u00e4ften\"}]},{\"@type\":\"WebSite\",\"@id\":\"https:\/\/www.euroakademie.de\/magazin\/#website\",\"url\":\"https:\/\/www.euroakademie.de\/magazin\/\",\"name\":\"Das Euro Akademie Magazin\",\"description\":\"Gut informiert durch Ausbildung und Studium\",\"publisher\":{\"@id\":\"https:\/\/www.euroakademie.de\/magazin\/#organization\"},\"potentialAction\":[{\"@type\":\"SearchAction\",\"target\":{\"@type\":\"EntryPoint\",\"urlTemplate\":\"https:\/\/www.euroakademie.de\/magazin\/?s={search_term_string}\"},\"query-input\":{\"@type\":\"PropertyValueSpecification\",\"valueRequired\":true,\"valueName\":\"search_term_string\"}}],\"inLanguage\":\"de\"},{\"@type\":\"Organization\",\"@id\":\"https:\/\/www.euroakademie.de\/magazin\/#organization\",\"name\":\"ESO Education Group\",\"url\":\"https:\/\/www.euroakademie.de\/magazin\/\",\"logo\":{\"@type\":\"ImageObject\",\"inLanguage\":\"de\",\"@id\":\"https:\/\/www.euroakademie.de\/magazin\/#\/schema\/logo\/image\/\",\"url\":\"https:\/\/relaunch.euroakademie.de\/magazin\/wp-content\/uploads\/2024\/11\/Logo_EA_negativ_Rahmen_5cm_300dpi_RGB.jpg\",\"contentUrl\":\"https:\/\/relaunch.euroakademie.de\/magazin\/wp-content\/uploads\/2024\/11\/Logo_EA_negativ_Rahmen_5cm_300dpi_RGB.jpg\",\"width\":591,\"height\":236,\"caption\":\"ESO Education Group\"},\"image\":{\"@id\":\"https:\/\/www.euroakademie.de\/magazin\/#\/schema\/logo\/image\/\"}},{\"@type\":\"Person\",\"@id\":\"https:\/\/www.euroakademie.de\/magazin\/#\/schema\/person\/60fedb6ea7279f88d9086938e970d05e\",\"name\":\"Anna R\u00fcppel\",\"description\":\"Anna R\u00fcppel ist mit 1,78 m die Gr\u00f6\u00dfte, wenn es um Ausbildung und Beruf geht. Als Kind war sie kleiner. Von April 2019 bis November 2022 schrieb sie kleinere und gr\u00f6\u00dfere Artikel f\u00fcr das Euro Akademie Magazin.\",\"url\":\"https:\/\/www.euroakademie.de\/magazin\/author\/rueppela\/\"}]}<\/script>\n<!-- \/ Yoast SEO plugin. -->","yoast_head_json":{"title":"Zeitarbeit: Das Gesch\u00e4ft mit den Leihkr\u00e4ften -","description":"\u00dcber eine Million Menschen in Deutschland sind in der Zeitarbeit t\u00e4tig. Nicht immer unter fairen Bedingungen. Eine ZDF-Doku deckt die Missst\u00e4nde auf.","robots":{"index":"index","follow":"follow","max-snippet":"max-snippet:-1","max-image-preview":"max-image-preview:large","max-video-preview":"max-video-preview:-1"},"canonical":"https:\/\/www.euroakademie.de\/magazin\/zeitarbeit\/","og_locale":"de_DE","og_type":"article","og_title":"Zeitarbeit: Das Gesch\u00e4ft mit den Leihkr\u00e4ften -","og_description":"\u00dcber eine Million Menschen in Deutschland sind in der Zeitarbeit t\u00e4tig. Nicht immer unter fairen Bedingungen. Eine ZDF-Doku deckt die Missst\u00e4nde auf.","og_url":"https:\/\/www.euroakademie.de\/magazin\/zeitarbeit\/","og_site_name":"Das Euro Akademie Magazin","article_published_time":"2019-06-13T05:24:17+00:00","article_modified_time":"2025-03-20T12:47:56+00:00","og_image":[{"width":702,"height":337,"url":"https:\/\/www.euroakademie.de\/magazin\/wp-content\/uploads\/2019\/06\/titelbild1.jpg","type":"image\/jpeg"}],"author":"Anna R\u00fcppel","twitter_card":"summary_large_image","twitter_misc":{"Verfasst von":"Anna R\u00fcppel","Gesch\u00e4tzte Lesezeit":"4\u00a0Minuten"},"schema":{"@context":"https:\/\/schema.org","@graph":[{"@type":"Article","@id":"https:\/\/www.euroakademie.de\/magazin\/zeitarbeit\/#article","isPartOf":{"@id":"https:\/\/www.euroakademie.de\/magazin\/zeitarbeit\/"},"author":{"name":"Anna R\u00fcppel","@id":"https:\/\/www.euroakademie.de\/magazin\/#\/schema\/person\/60fedb6ea7279f88d9086938e970d05e"},"headline":"Zeitarbeit: Das Gesch\u00e4ft mit den Leihkr\u00e4ften","datePublished":"2019-06-13T05:24:17+00:00","dateModified":"2025-03-20T12:47:56+00:00","mainEntityOfPage":{"@id":"https:\/\/www.euroakademie.de\/magazin\/zeitarbeit\/"},"wordCount":741,"publisher":{"@id":"https:\/\/www.euroakademie.de\/magazin\/#organization"},"image":{"@id":"https:\/\/www.euroakademie.de\/magazin\/zeitarbeit\/#primaryimage"},"thumbnailUrl":"https:\/\/www.euroakademie.de\/magazin\/wp-content\/uploads\/2019\/06\/titelbild1.jpg","keywords":["Arbeitsbedingungen","Arbeitsplatz","Dokumentation","Kontrolle","ZDF","Zeitarbeit"],"articleSection":["Karriere","Link- und Lesetipps"],"inLanguage":"de"},{"@type":"WebPage","@id":"https:\/\/www.euroakademie.de\/magazin\/zeitarbeit\/","url":"https:\/\/www.euroakademie.de\/magazin\/zeitarbeit\/","name":"Zeitarbeit: Das Gesch\u00e4ft mit den Leihkr\u00e4ften -","isPartOf":{"@id":"https:\/\/www.euroakademie.de\/magazin\/#website"},"primaryImageOfPage":{"@id":"https:\/\/www.euroakademie.de\/magazin\/zeitarbeit\/#primaryimage"},"image":{"@id":"https:\/\/www.euroakademie.de\/magazin\/zeitarbeit\/#primaryimage"},"thumbnailUrl":"https:\/\/www.euroakademie.de\/magazin\/wp-content\/uploads\/2019\/06\/titelbild1.jpg","datePublished":"2019-06-13T05:24:17+00:00","dateModified":"2025-03-20T12:47:56+00:00","description":"\u00dcber eine Million Menschen in Deutschland sind in der Zeitarbeit t\u00e4tig. Nicht immer unter fairen Bedingungen. Eine ZDF-Doku deckt die Missst\u00e4nde auf.","breadcrumb":{"@id":"https:\/\/www.euroakademie.de\/magazin\/zeitarbeit\/#breadcrumb"},"inLanguage":"de","potentialAction":[{"@type":"ReadAction","target":["https:\/\/www.euroakademie.de\/magazin\/zeitarbeit\/"]}]},{"@type":"ImageObject","inLanguage":"de","@id":"https:\/\/www.euroakademie.de\/magazin\/zeitarbeit\/#primaryimage","url":"https:\/\/www.euroakademie.de\/magazin\/wp-content\/uploads\/2019\/06\/titelbild1.jpg","contentUrl":"https:\/\/www.euroakademie.de\/magazin\/wp-content\/uploads\/2019\/06\/titelbild1.jpg","width":702,"height":337,"caption":""},{"@type":"BreadcrumbList","@id":"https:\/\/www.euroakademie.de\/magazin\/zeitarbeit\/#breadcrumb","itemListElement":[{"@type":"ListItem","position":1,"name":"Startseite","item":"https:\/\/www.euroakademie.de\/magazin\/"},{"@type":"ListItem","position":2,"name":"Zeitarbeit: Das Gesch\u00e4ft mit den Leihkr\u00e4ften"}]},{"@type":"WebSite","@id":"https:\/\/www.euroakademie.de\/magazin\/#website","url":"https:\/\/www.euroakademie.de\/magazin\/","name":"Das Euro Akademie Magazin","description":"Gut informiert durch Ausbildung und Studium","publisher":{"@id":"https:\/\/www.euroakademie.de\/magazin\/#organization"},"potentialAction":[{"@type":"SearchAction","target":{"@type":"EntryPoint","urlTemplate":"https:\/\/www.euroakademie.de\/magazin\/?s={search_term_string}"},"query-input":{"@type":"PropertyValueSpecification","valueRequired":true,"valueName":"search_term_string"}}],"inLanguage":"de"},{"@type":"Organization","@id":"https:\/\/www.euroakademie.de\/magazin\/#organization","name":"ESO Education Group","url":"https:\/\/www.euroakademie.de\/magazin\/","logo":{"@type":"ImageObject","inLanguage":"de","@id":"https:\/\/www.euroakademie.de\/magazin\/#\/schema\/logo\/image\/","url":"https:\/\/relaunch.euroakademie.de\/magazin\/wp-content\/uploads\/2024\/11\/Logo_EA_negativ_Rahmen_5cm_300dpi_RGB.jpg","contentUrl":"https:\/\/relaunch.euroakademie.de\/magazin\/wp-content\/uploads\/2024\/11\/Logo_EA_negativ_Rahmen_5cm_300dpi_RGB.jpg","width":591,"height":236,"caption":"ESO Education Group"},"image":{"@id":"https:\/\/www.euroakademie.de\/magazin\/#\/schema\/logo\/image\/"}},{"@type":"Person","@id":"https:\/\/www.euroakademie.de\/magazin\/#\/schema\/person\/60fedb6ea7279f88d9086938e970d05e","name":"Anna R\u00fcppel","description":"Anna R\u00fcppel ist mit 1,78 m die Gr\u00f6\u00dfte, wenn es um Ausbildung und Beruf geht. Als Kind war sie kleiner. Von April 2019 bis November 2022 schrieb sie kleinere und gr\u00f6\u00dfere Artikel f\u00fcr das Euro Akademie Magazin.","url":"https:\/\/www.euroakademie.de\/magazin\/author\/rueppela\/"}]}},"_links":{"self":[{"href":"https:\/\/www.euroakademie.de\/magazin\/wp-json\/wp\/v2\/posts\/9055","targetHints":{"allow":["GET"]}}],"collection":[{"href":"https:\/\/www.euroakademie.de\/magazin\/wp-json\/wp\/v2\/posts"}],"about":[{"href":"https:\/\/www.euroakademie.de\/magazin\/wp-json\/wp\/v2\/types\/post"}],"author":[{"embeddable":true,"href":"https:\/\/www.euroakademie.de\/magazin\/wp-json\/wp\/v2\/users\/76"}],"replies":[{"embeddable":true,"href":"https:\/\/www.euroakademie.de\/magazin\/wp-json\/wp\/v2\/comments?post=9055"}],"version-history":[{"count":2,"href":"https:\/\/www.euroakademie.de\/magazin\/wp-json\/wp\/v2\/posts\/9055\/revisions"}],"predecessor-version":[{"id":27880,"href":"https:\/\/www.euroakademie.de\/magazin\/wp-json\/wp\/v2\/posts\/9055\/revisions\/27880"}],"wp:featuredmedia":[{"embeddable":true,"href":"https:\/\/www.euroakademie.de\/magazin\/wp-json\/wp\/v2\/media\/9059"}],"wp:attachment":[{"href":"https:\/\/www.euroakademie.de\/magazin\/wp-json\/wp\/v2\/media?parent=9055"}],"wp:term":[{"taxonomy":"category","embeddable":true,"href":"https:\/\/www.euroakademie.de\/magazin\/wp-json\/wp\/v2\/categories?post=9055"},{"taxonomy":"post_tag","embeddable":true,"href":"https:\/\/www.euroakademie.de\/magazin\/wp-json\/wp\/v2\/tags?post=9055"}],"curies":[{"name":"wp","href":"https:\/\/api.w.org\/{rel}","templated":true}]}}